{"id":1993,"date":"2017-06-26T20:00:14","date_gmt":"2017-06-26T18:00:14","guid":{"rendered":"https:\/\/www.breeze-technologies.de\/?p=1993"},"modified":"2018-07-18T22:29:57","modified_gmt":"2018-07-18T20:29:57","slug":"breeze-technologies-erhaelt-auszeichnung-vom-deutschen-bundespraesidenten-steinmeier","status":"publish","type":"post","link":"https:\/\/www.breeze-technologies.de\/de\/blog\/breeze-technologies-erhaelt-auszeichnung-vom-deutschen-bundespraesidenten-steinmeier\/","title":{"rendered":"Breeze Technologies erh\u00e4lt Auszeichnung vom Deutschen Bundespr\u00e4sidenten Steinmeier"},"content":{"rendered":"<p>Das Team von Breeze Technologies wurde vom <strong>Deutschen Bundespr\u00e4sidenten Frank-Walter Steinmeier<\/strong> f\u00fcr Ihre Anstrengungen bei der Entwicklung von hochaufl\u00f6senden Luftqualit\u00e4ts-Messnetzen f\u00fcr St\u00e4dte ausgezeichnet. Das Hamburger Startup ist nun ein &#8222;<strong>Ausgezeichneter Ort<\/strong>&#8220; im <a href=\"https:\/\/land-der-ideen.de\/\">Deutschland &#8211; Land der Ideen-Programm<\/a>, dessen Schirmherrschaft der Bundespr\u00e4sident innehat. Das Programm verfolgt das Ziel,\u00a0Deutschland als zukunftsf\u00e4higen Standort f\u00fcr Ideen und Innovationen, f\u00fcr Qualit\u00e4t und Kreativit\u00e4t zu pr\u00e4sentieren.<\/p>\n<div id=\"attachment_1988\" style=\"width: 1040px\" class=\"wp-caption aligncenter\"><img decoding=\"async\" aria-describedby=\"caption-attachment-1988\" class=\"wp-image-1988 size-large lazyload\" data-src=\"https:\/\/www.breeze-technologies.de\/wp-content\/uploads\/2018\/07\/BBF1160-1030x687.jpg\" alt=\"Robert Heinecke bei der Siegerauszeichnung f\u00fcr Deutschland - Land der Ideen 2017.\" width=\"1030\" height=\"687\" data-srcset=\"https:\/\/www.breeze-technologies.de\/wp-content\/uploads\/2018\/07\/BBF1160-1030x687.jpg 1030w, https:\/\/www.breeze-technologies.de\/wp-content\/uploads\/2018\/07\/BBF1160-300x200.jpg 300w, https:\/\/www.breeze-technologies.de\/wp-content\/uploads\/2018\/07\/BBF1160-768x513.jpg 768w, https:\/\/www.breeze-technologies.de\/wp-content\/uploads\/2018\/07\/BBF1160-1500x1001.jpg 1500w, https:\/\/www.breeze-technologies.de\/wp-content\/uploads\/2018\/07\/BBF1160-705x470.jpg 705w, https:\/\/www.breeze-technologies.de\/wp-content\/uploads\/2018\/07\/BBF1160-450x300.jpg 450w\" data-sizes=\"(max-width: 1030px) 100vw, 1030px\" src=\"data:image\/svg+xml;base64,PHN2ZyB3aWR0aD0iMSIgaGVpZ2h0PSIxIiB4bWxucz0iaHR0cDovL3d3dy53My5vcmcvMjAwMC9zdmciPjwvc3ZnPg==\" style=\"--smush-placeholder-width: 1030px; --smush-placeholder-aspect-ratio: 1030\/687;\" \/><p id=\"caption-attachment-1988\" class=\"wp-caption-text\">Robert Heinecke bei der Siegerauszeichnung f\u00fcr Deutschland &#8211; Land der Ideen 2017.<\/p><\/div>\n<p>&#8222;Wir sind sehr stolz, solch eine prestigetr\u00e4chtigen Auszeichnung zu erhalten&#8220;, sagt Breeze-CEO Robert Heinecke. &#8222;Luftverschmutzung ist eine der gr\u00f6\u00dften Herausforderungen unserer Zeit und es freut uns ganz besonders, dass unsere Initiative\u00a0zum Finden von intelligenten L\u00f6sungen unterst\u00fctzt wird.&#8220; Die Auszeichnung wurde Heinecke in einer Zeremonie am 26. Juni 2017 in Berlin \u00fcberreicht.<\/p>\n","protected":false},"excerpt":{"rendered":"<p>Das Team von Breeze Technologies wurde vom Deutschen Bundespr\u00e4sidenten Frank-Walter Steinmeier f\u00fcr Ihre Anstrengungen bei der Entwicklung von hochaufl\u00f6senden Luftqualit\u00e4ts-Messnetzen f\u00fcr St\u00e4dte ausgezeichnet. Das Hamburger Startup ist nun ein &#8222;Ausgezeichneter Ort&#8220; im Deutschland &#8211; Land der Ideen-Programm, dessen Schirmherrschaft der Bundespr\u00e4sident innehat. Das Programm verfolgt das Ziel,\u00a0Deutschland als zukunftsf\u00e4higen Standort f\u00fcr Ideen und Innovationen, f\u00fcr [&hellip;]<\/p>\n","protected":false},"author":4,"featured_media":1987,"comment_status":"closed","ping_status":"open","sticky":false,"template":"","format":"standard","meta":{"_exactmetrics_skip_tracking":false,"_exactmetrics_sitenote_active":false,"_exactmetrics_sitenote_note":"","_exactmetrics_sitenote_category":0,"_jetpack_memberships_contains_paid_content":false,"footnotes":""},"categories":[38,19],"tags":[],"class_list":["post-1993","post","type-post","status-publish","format-standard","has-post-thumbnail","hentry","category-awards","category-blog-posts"],"yoast_head":"<title>Breeze Technologies erh\u00e4lt Auszeichnung vom Deutschen Bundespr\u00e4sidenten Steinmeier - Breeze Technologies<\/title>\n<meta name=\"robots\" content=\"index, follow, max-snippet:-1, max-image-preview:large, max-video-preview:-1\" \/>\n<link rel=\"canonical\" href=\"https:\/\/www.breeze-technologies.de\/de\/blog\/breeze-technologies-erhaelt-auszeichnung-vom-deutschen-bundespraesidenten-steinmeier\/\" \/>\n<meta property=\"og:locale\" content=\"de_DE\" \/>\n<meta property=\"og:type\" content=\"article\" \/>\n<meta property=\"og:title\" content=\"Breeze Technologies erh\u00e4lt Auszeichnung vom Deutschen Bundespr\u00e4sidenten Steinmeier - Breeze Technologies\" \/>\n<meta property=\"og:description\" content=\"Das Team von Breeze Technologies wurde vom Deutschen Bundespr\u00e4sidenten Frank-Walter Steinmeier f\u00fcr Ihre Anstrengungen bei der Entwicklung von hochaufl\u00f6senden Luftqualit\u00e4ts-Messnetzen f\u00fcr St\u00e4dte ausgezeichnet. Das Hamburger Startup ist nun ein &#8222;Ausgezeichneter Ort&#8220; im Deutschland &#8211; Land der Ideen-Programm, dessen Schirmherrschaft der Bundespr\u00e4sident innehat. Das Programm verfolgt das Ziel,\u00a0Deutschland als zukunftsf\u00e4higen Standort f\u00fcr Ideen und Innovationen, f\u00fcr [&hellip;]\" \/>\n<meta property=\"og:url\" content=\"https:\/\/www.breeze-technologies.de\/de\/blog\/breeze-technologies-erhaelt-auszeichnung-vom-deutschen-bundespraesidenten-steinmeier\/\" \/>\n<meta property=\"og:site_name\" content=\"Breeze Technologies\" \/>\n<meta property=\"article:publisher\" content=\"https:\/\/www.facebook.com\/breezetechnologies\/\" \/>\n<meta property=\"article:published_time\" content=\"2017-06-26T18:00:14+00:00\" \/>\n<meta property=\"article:modified_time\" content=\"2018-07-18T20:29:57+00:00\" \/>\n<meta property=\"og:image\" content=\"https:\/\/www.breeze-technologies.de\/wp-content\/uploads\/2018\/07\/Breeze-Technologies-receives-award-from-the-German-Federal-President.jpg\" \/>\n\t<meta property=\"og:image:width\" content=\"3264\" \/>\n\t<meta property=\"og:image:height\" content=\"2448\" \/>\n\t<meta property=\"og:image:type\" content=\"image\/jpeg\" \/>\n<meta name=\"author\" content=\"Robert Heinecke\" \/>\n<meta name=\"twitter:card\" content=\"summary_large_image\" \/>\n<meta name=\"twitter:creator\" content=\"@heinecke\" \/>\n<meta name=\"twitter:site\" content=\"@projectbreeze\" \/>\n<meta name=\"twitter:label1\" content=\"Verfasst von\" \/>\n\t<meta name=\"twitter:data1\" content=\"Robert Heinecke\" \/>\n\t<meta name=\"twitter:label2\" content=\"Gesch\u00e4tzte Lesezeit\" \/>\n\t<meta name=\"twitter:data2\" content=\"1\u00a0Minute\" \/>\n<script type=\"application\/ld+json\" class=\"yoast-schema-graph\">{\"@context\":\"https:\\\/\\\/schema.org\",\"@graph\":[{\"@type\":\"Article\",\"@id\":\"https:\\\/\\\/www.breeze-technologies.de\\\/de\\\/blog\\\/breeze-technologies-erhaelt-auszeichnung-vom-deutschen-bundespraesidenten-steinmeier\\\/#article\",\"isPartOf\":{\"@id\":\"https:\\\/\\\/www.breeze-technologies.de\\\/de\\\/blog\\\/breeze-technologies-erhaelt-auszeichnung-vom-deutschen-bundespraesidenten-steinmeier\\\/\"},\"author\":{\"name\":\"Robert Heinecke\",\"@id\":\"https:\\\/\\\/www.breeze-technologies.de\\\/de\\\/#\\\/schema\\\/person\\\/1e0a8a8e671c47a1d56f9926749a7432\"},\"headline\":\"Breeze Technologies erh\u00e4lt Auszeichnung vom Deutschen Bundespr\u00e4sidenten Steinmeier\",\"datePublished\":\"2017-06-26T18:00:14+00:00\",\"dateModified\":\"2018-07-18T20:29:57+00:00\",\"mainEntityOfPage\":{\"@id\":\"https:\\\/\\\/www.breeze-technologies.de\\\/de\\\/blog\\\/breeze-technologies-erhaelt-auszeichnung-vom-deutschen-bundespraesidenten-steinmeier\\\/\"},\"wordCount\":157,\"publisher\":{\"@id\":\"https:\\\/\\\/www.breeze-technologies.de\\\/de\\\/#organization\"},\"image\":{\"@id\":\"https:\\\/\\\/www.breeze-technologies.de\\\/de\\\/blog\\\/breeze-technologies-erhaelt-auszeichnung-vom-deutschen-bundespraesidenten-steinmeier\\\/#primaryimage\"},\"thumbnailUrl\":\"https:\\\/\\\/www.breeze-technologies.de\\\/wp-content\\\/uploads\\\/2018\\\/07\\\/Breeze-Technologies-receives-award-from-the-German-Federal-President.jpg\",\"articleSection\":[\"Awards\",\"Blog Posts\"],\"inLanguage\":\"de\"},{\"@type\":\"WebPage\",\"@id\":\"https:\\\/\\\/www.breeze-technologies.de\\\/de\\\/blog\\\/breeze-technologies-erhaelt-auszeichnung-vom-deutschen-bundespraesidenten-steinmeier\\\/\",\"url\":\"https:\\\/\\\/www.breeze-technologies.de\\\/de\\\/blog\\\/breeze-technologies-erhaelt-auszeichnung-vom-deutschen-bundespraesidenten-steinmeier\\\/\",\"name\":\"Breeze Technologies erh\u00e4lt Auszeichnung vom Deutschen Bundespr\u00e4sidenten Steinmeier - Breeze Technologies\",\"isPartOf\":{\"@id\":\"https:\\\/\\\/www.breeze-technologies.de\\\/de\\\/#website\"},\"primaryImageOfPage\":{\"@id\":\"https:\\\/\\\/www.breeze-technologies.de\\\/de\\\/blog\\\/breeze-technologies-erhaelt-auszeichnung-vom-deutschen-bundespraesidenten-steinmeier\\\/#primaryimage\"},\"image\":{\"@id\":\"https:\\\/\\\/www.breeze-technologies.de\\\/de\\\/blog\\\/breeze-technologies-erhaelt-auszeichnung-vom-deutschen-bundespraesidenten-steinmeier\\\/#primaryimage\"},\"thumbnailUrl\":\"https:\\\/\\\/www.breeze-technologies.de\\\/wp-content\\\/uploads\\\/2018\\\/07\\\/Breeze-Technologies-receives-award-from-the-German-Federal-President.jpg\",\"datePublished\":\"2017-06-26T18:00:14+00:00\",\"dateModified\":\"2018-07-18T20:29:57+00:00\",\"breadcrumb\":{\"@id\":\"https:\\\/\\\/www.breeze-technologies.de\\\/de\\\/blog\\\/breeze-technologies-erhaelt-auszeichnung-vom-deutschen-bundespraesidenten-steinmeier\\\/#breadcrumb\"},\"inLanguage\":\"de\",\"potentialAction\":[{\"@type\":\"ReadAction\",\"target\":[\"https:\\\/\\\/www.breeze-technologies.de\\\/de\\\/blog\\\/breeze-technologies-erhaelt-auszeichnung-vom-deutschen-bundespraesidenten-steinmeier\\\/\"]}]},{\"@type\":\"ImageObject\",\"inLanguage\":\"de\",\"@id\":\"https:\\\/\\\/www.breeze-technologies.de\\\/de\\\/blog\\\/breeze-technologies-erhaelt-auszeichnung-vom-deutschen-bundespraesidenten-steinmeier\\\/#primaryimage\",\"url\":\"https:\\\/\\\/www.breeze-technologies.de\\\/wp-content\\\/uploads\\\/2018\\\/07\\\/Breeze-Technologies-receives-award-from-the-German-Federal-President.jpg\",\"contentUrl\":\"https:\\\/\\\/www.breeze-technologies.de\\\/wp-content\\\/uploads\\\/2018\\\/07\\\/Breeze-Technologies-receives-award-from-the-German-Federal-President.jpg\",\"width\":3264,\"height\":2448,\"caption\":\"Breeze Technologies erh\u00e4lt Auszeichnung vom Deutschen Bundespr\u00e4sidenten Steinmeier\"},{\"@type\":\"BreadcrumbList\",\"@id\":\"https:\\\/\\\/www.breeze-technologies.de\\\/de\\\/blog\\\/breeze-technologies-erhaelt-auszeichnung-vom-deutschen-bundespraesidenten-steinmeier\\\/#breadcrumb\",\"itemListElement\":[{\"@type\":\"ListItem\",\"position\":1,\"name\":\"Home\",\"item\":\"https:\\\/\\\/www.breeze-technologies.de\\\/de\\\/home\\\/\"},{\"@type\":\"ListItem\",\"position\":2,\"name\":\"Breeze Technologies erh\u00e4lt Auszeichnung vom Deutschen Bundespr\u00e4sidenten Steinmeier\"}]},{\"@type\":\"WebSite\",\"@id\":\"https:\\\/\\\/www.breeze-technologies.de\\\/de\\\/#website\",\"url\":\"https:\\\/\\\/www.breeze-technologies.de\\\/de\\\/\",\"name\":\"Breeze Technologies\",\"description\":\"Environmental Sensor Solutions\",\"publisher\":{\"@id\":\"https:\\\/\\\/www.breeze-technologies.de\\\/de\\\/#organization\"},\"potentialAction\":[{\"@type\":\"SearchAction\",\"target\":{\"@type\":\"EntryPoint\",\"urlTemplate\":\"https:\\\/\\\/www.breeze-technologies.de\\\/de\\\/?s={search_term_string}\"},\"query-input\":{\"@type\":\"PropertyValueSpecification\",\"valueRequired\":true,\"valueName\":\"search_term_string\"}}],\"inLanguage\":\"de\"},{\"@type\":\"Organization\",\"@id\":\"https:\\\/\\\/www.breeze-technologies.de\\\/de\\\/#organization\",\"name\":\"Breeze Technologies\",\"url\":\"https:\\\/\\\/www.breeze-technologies.de\\\/de\\\/\",\"logo\":{\"@type\":\"ImageObject\",\"inLanguage\":\"de\",\"@id\":\"https:\\\/\\\/www.breeze-technologies.de\\\/de\\\/#\\\/schema\\\/logo\\\/image\\\/\",\"url\":\"https:\\\/\\\/www.breeze-technologies.de\\\/wp-content\\\/uploads\\\/2017\\\/12\\\/Breeze-Logo-Normal-Web.png\",\"contentUrl\":\"https:\\\/\\\/www.breeze-technologies.de\\\/wp-content\\\/uploads\\\/2017\\\/12\\\/Breeze-Logo-Normal-Web.png\",\"width\":2932,\"height\":976,\"caption\":\"Breeze Technologies\"},\"image\":{\"@id\":\"https:\\\/\\\/www.breeze-technologies.de\\\/de\\\/#\\\/schema\\\/logo\\\/image\\\/\"},\"sameAs\":[\"https:\\\/\\\/www.facebook.com\\\/breezetechnologies\\\/\",\"https:\\\/\\\/x.com\\\/projectbreeze\",\"https:\\\/\\\/instagram.com\\\/breezetechnologies\\\/\",\"https:\\\/\\\/www.linkedin.com\\\/company\\\/breeze-technologies\",\"https:\\\/\\\/www.youtube.com\\\/channel\\\/UCqRNWyXf5yexIRTzLvY9Zqw\"]},{\"@type\":\"Person\",\"@id\":\"https:\\\/\\\/www.breeze-technologies.de\\\/de\\\/#\\\/schema\\\/person\\\/1e0a8a8e671c47a1d56f9926749a7432\",\"name\":\"Robert Heinecke\",\"image\":{\"@type\":\"ImageObject\",\"inLanguage\":\"de\",\"@id\":\"https:\\\/\\\/secure.gravatar.com\\\/avatar\\\/bba202cc18e4203fdc8a5859f32cc0867595506e5478b5ec7d95827c6e5070c6?s=96&d=mm&r=g\",\"url\":\"https:\\\/\\\/secure.gravatar.com\\\/avatar\\\/bba202cc18e4203fdc8a5859f32cc0867595506e5478b5ec7d95827c6e5070c6?s=96&d=mm&r=g\",\"contentUrl\":\"https:\\\/\\\/secure.gravatar.com\\\/avatar\\\/bba202cc18e4203fdc8a5859f32cc0867595506e5478b5ec7d95827c6e5070c6?s=96&d=mm&r=g\",\"caption\":\"Robert Heinecke\"},\"sameAs\":[\"https:\\\/\\\/x.com\\\/heinecke\"]}]}<\/script>","yoast_head_json":{"title":"Breeze Technologies erh\u00e4lt Auszeichnung vom Deutschen Bundespr\u00e4sidenten Steinmeier - Breeze Technologies","robots":{"index":"index","follow":"follow","max-snippet":"max-snippet:-1","max-image-preview":"max-image-preview:large","max-video-preview":"max-video-preview:-1"},"canonical":"https:\/\/www.breeze-technologies.de\/de\/blog\/breeze-technologies-erhaelt-auszeichnung-vom-deutschen-bundespraesidenten-steinmeier\/","og_locale":"de_DE","og_type":"article","og_title":"Breeze Technologies erh\u00e4lt Auszeichnung vom Deutschen Bundespr\u00e4sidenten Steinmeier - Breeze Technologies","og_description":"Das Team von Breeze Technologies wurde vom Deutschen Bundespr\u00e4sidenten Frank-Walter Steinmeier f\u00fcr Ihre Anstrengungen bei der Entwicklung von hochaufl\u00f6senden Luftqualit\u00e4ts-Messnetzen f\u00fcr St\u00e4dte ausgezeichnet. Das Hamburger Startup ist nun ein &#8222;Ausgezeichneter Ort&#8220; im Deutschland &#8211; Land der Ideen-Programm, dessen Schirmherrschaft der Bundespr\u00e4sident innehat. Das Programm verfolgt das Ziel,\u00a0Deutschland als zukunftsf\u00e4higen Standort f\u00fcr Ideen und Innovationen, f\u00fcr [&hellip;]","og_url":"https:\/\/www.breeze-technologies.de\/de\/blog\/breeze-technologies-erhaelt-auszeichnung-vom-deutschen-bundespraesidenten-steinmeier\/","og_site_name":"Breeze Technologies","article_publisher":"https:\/\/www.facebook.com\/breezetechnologies\/","article_published_time":"2017-06-26T18:00:14+00:00","article_modified_time":"2018-07-18T20:29:57+00:00","og_image":[{"width":3264,"height":2448,"url":"https:\/\/www.breeze-technologies.de\/wp-content\/uploads\/2018\/07\/Breeze-Technologies-receives-award-from-the-German-Federal-President.jpg","type":"image\/jpeg"}],"author":"Robert Heinecke","twitter_card":"summary_large_image","twitter_creator":"@heinecke","twitter_site":"@projectbreeze","twitter_misc":{"Verfasst von":"Robert Heinecke","Gesch\u00e4tzte Lesezeit":"1\u00a0Minute"},"schema":{"@context":"https:\/\/schema.org","@graph":[{"@type":"Article","@id":"https:\/\/www.breeze-technologies.de\/de\/blog\/breeze-technologies-erhaelt-auszeichnung-vom-deutschen-bundespraesidenten-steinmeier\/#article","isPartOf":{"@id":"https:\/\/www.breeze-technologies.de\/de\/blog\/breeze-technologies-erhaelt-auszeichnung-vom-deutschen-bundespraesidenten-steinmeier\/"},"author":{"name":"Robert Heinecke","@id":"https:\/\/www.breeze-technologies.de\/de\/#\/schema\/person\/1e0a8a8e671c47a1d56f9926749a7432"},"headline":"Breeze Technologies erh\u00e4lt Auszeichnung vom Deutschen Bundespr\u00e4sidenten Steinmeier","datePublished":"2017-06-26T18:00:14+00:00","dateModified":"2018-07-18T20:29:57+00:00","mainEntityOfPage":{"@id":"https:\/\/www.breeze-technologies.de\/de\/blog\/breeze-technologies-erhaelt-auszeichnung-vom-deutschen-bundespraesidenten-steinmeier\/"},"wordCount":157,"publisher":{"@id":"https:\/\/www.breeze-technologies.de\/de\/#organization"},"image":{"@id":"https:\/\/www.breeze-technologies.de\/de\/blog\/breeze-technologies-erhaelt-auszeichnung-vom-deutschen-bundespraesidenten-steinmeier\/#primaryimage"},"thumbnailUrl":"https:\/\/www.breeze-technologies.de\/wp-content\/uploads\/2018\/07\/Breeze-Technologies-receives-award-from-the-German-Federal-President.jpg","articleSection":["Awards","Blog Posts"],"inLanguage":"de"},{"@type":"WebPage","@id":"https:\/\/www.breeze-technologies.de\/de\/blog\/breeze-technologies-erhaelt-auszeichnung-vom-deutschen-bundespraesidenten-steinmeier\/","url":"https:\/\/www.breeze-technologies.de\/de\/blog\/breeze-technologies-erhaelt-auszeichnung-vom-deutschen-bundespraesidenten-steinmeier\/","name":"Breeze Technologies erh\u00e4lt Auszeichnung vom Deutschen Bundespr\u00e4sidenten Steinmeier - Breeze Technologies","isPartOf":{"@id":"https:\/\/www.breeze-technologies.de\/de\/#website"},"primaryImageOfPage":{"@id":"https:\/\/www.breeze-technologies.de\/de\/blog\/breeze-technologies-erhaelt-auszeichnung-vom-deutschen-bundespraesidenten-steinmeier\/#primaryimage"},"image":{"@id":"https:\/\/www.breeze-technologies.de\/de\/blog\/breeze-technologies-erhaelt-auszeichnung-vom-deutschen-bundespraesidenten-steinmeier\/#primaryimage"},"thumbnailUrl":"https:\/\/www.breeze-technologies.de\/wp-content\/uploads\/2018\/07\/Breeze-Technologies-receives-award-from-the-German-Federal-President.jpg","datePublished":"2017-06-26T18:00:14+00:00","dateModified":"2018-07-18T20:29:57+00:00","breadcrumb":{"@id":"https:\/\/www.breeze-technologies.de\/de\/blog\/breeze-technologies-erhaelt-auszeichnung-vom-deutschen-bundespraesidenten-steinmeier\/#breadcrumb"},"inLanguage":"de","potentialAction":[{"@type":"ReadAction","target":["https:\/\/www.breeze-technologies.de\/de\/blog\/breeze-technologies-erhaelt-auszeichnung-vom-deutschen-bundespraesidenten-steinmeier\/"]}]},{"@type":"ImageObject","inLanguage":"de","@id":"https:\/\/www.breeze-technologies.de\/de\/blog\/breeze-technologies-erhaelt-auszeichnung-vom-deutschen-bundespraesidenten-steinmeier\/#primaryimage","url":"https:\/\/www.breeze-technologies.de\/wp-content\/uploads\/2018\/07\/Breeze-Technologies-receives-award-from-the-German-Federal-President.jpg","contentUrl":"https:\/\/www.breeze-technologies.de\/wp-content\/uploads\/2018\/07\/Breeze-Technologies-receives-award-from-the-German-Federal-President.jpg","width":3264,"height":2448,"caption":"Breeze Technologies erh\u00e4lt Auszeichnung vom Deutschen Bundespr\u00e4sidenten Steinmeier"},{"@type":"BreadcrumbList","@id":"https:\/\/www.breeze-technologies.de\/de\/blog\/breeze-technologies-erhaelt-auszeichnung-vom-deutschen-bundespraesidenten-steinmeier\/#breadcrumb","itemListElement":[{"@type":"ListItem","position":1,"name":"Home","item":"https:\/\/www.breeze-technologies.de\/de\/home\/"},{"@type":"ListItem","position":2,"name":"Breeze Technologies erh\u00e4lt Auszeichnung vom Deutschen Bundespr\u00e4sidenten Steinmeier"}]},{"@type":"WebSite","@id":"https:\/\/www.breeze-technologies.de\/de\/#website","url":"https:\/\/www.breeze-technologies.de\/de\/","name":"Breeze Technologies","description":"Environmental Sensor Solutions","publisher":{"@id":"https:\/\/www.breeze-technologies.de\/de\/#organization"},"potentialAction":[{"@type":"SearchAction","target":{"@type":"EntryPoint","urlTemplate":"https:\/\/www.breeze-technologies.de\/de\/?s={search_term_string}"},"query-input":{"@type":"PropertyValueSpecification","valueRequired":true,"valueName":"search_term_string"}}],"inLanguage":"de"},{"@type":"Organization","@id":"https:\/\/www.breeze-technologies.de\/de\/#organization","name":"Breeze Technologies","url":"https:\/\/www.breeze-technologies.de\/de\/","logo":{"@type":"ImageObject","inLanguage":"de","@id":"https:\/\/www.breeze-technologies.de\/de\/#\/schema\/logo\/image\/","url":"https:\/\/www.breeze-technologies.de\/wp-content\/uploads\/2017\/12\/Breeze-Logo-Normal-Web.png","contentUrl":"https:\/\/www.breeze-technologies.de\/wp-content\/uploads\/2017\/12\/Breeze-Logo-Normal-Web.png","width":2932,"height":976,"caption":"Breeze Technologies"},"image":{"@id":"https:\/\/www.breeze-technologies.de\/de\/#\/schema\/logo\/image\/"},"sameAs":["https:\/\/www.facebook.com\/breezetechnologies\/","https:\/\/x.com\/projectbreeze","https:\/\/instagram.com\/breezetechnologies\/","https:\/\/www.linkedin.com\/company\/breeze-technologies","https:\/\/www.youtube.com\/channel\/UCqRNWyXf5yexIRTzLvY9Zqw"]},{"@type":"Person","@id":"https:\/\/www.breeze-technologies.de\/de\/#\/schema\/person\/1e0a8a8e671c47a1d56f9926749a7432","name":"Robert Heinecke","image":{"@type":"ImageObject","inLanguage":"de","@id":"https:\/\/secure.gravatar.com\/avatar\/bba202cc18e4203fdc8a5859f32cc0867595506e5478b5ec7d95827c6e5070c6?s=96&d=mm&r=g","url":"https:\/\/secure.gravatar.com\/avatar\/bba202cc18e4203fdc8a5859f32cc0867595506e5478b5ec7d95827c6e5070c6?s=96&d=mm&r=g","contentUrl":"https:\/\/secure.gravatar.com\/avatar\/bba202cc18e4203fdc8a5859f32cc0867595506e5478b5ec7d95827c6e5070c6?s=96&d=mm&r=g","caption":"Robert Heinecke"},"sameAs":["https:\/\/x.com\/heinecke"]}]}},"jetpack_featured_media_url":"https:\/\/www.breeze-technologies.de\/wp-content\/uploads\/2018\/07\/Breeze-Technologies-receives-award-from-the-German-Federal-President.jpg","jetpack_sharing_enabled":true,"_links":{"self":[{"href":"https:\/\/www.breeze-technologies.de\/de\/wp-json\/wp\/v2\/posts\/1993","targetHints":{"allow":["GET"]}}],"collection":[{"href":"https:\/\/www.breeze-technologies.de\/de\/wp-json\/wp\/v2\/posts"}],"about":[{"href":"https:\/\/www.breeze-technologies.de\/de\/wp-json\/wp\/v2\/types\/post"}],"author":[{"embeddable":true,"href":"https:\/\/www.breeze-technologies.de\/de\/wp-json\/wp\/v2\/users\/4"}],"replies":[{"embeddable":true,"href":"https:\/\/www.breeze-technologies.de\/de\/wp-json\/wp\/v2\/comments?post=1993"}],"version-history":[{"count":4,"href":"https:\/\/www.breeze-technologies.de\/de\/wp-json\/wp\/v2\/posts\/1993\/revisions"}],"predecessor-version":[{"id":2000,"href":"https:\/\/www.breeze-technologies.de\/de\/wp-json\/wp\/v2\/posts\/1993\/revisions\/2000"}],"wp:featuredmedia":[{"embeddable":true,"href":"https:\/\/www.breeze-technologies.de\/de\/wp-json\/wp\/v2\/media\/1987"}],"wp:attachment":[{"href":"https:\/\/www.breeze-technologies.de\/de\/wp-json\/wp\/v2\/media?parent=1993"}],"wp:term":[{"taxonomy":"category","embeddable":true,"href":"https:\/\/www.breeze-technologies.de\/de\/wp-json\/wp\/v2\/categories?post=1993"},{"taxonomy":"post_tag","embeddable":true,"href":"https:\/\/www.breeze-technologies.de\/de\/wp-json\/wp\/v2\/tags?post=1993"}],"curies":[{"name":"wp","href":"https:\/\/api.w.org\/{rel}","templated":true}]}}